{"id":154,"date":"2021-07-13T18:30:05","date_gmt":"2021-07-13T16:30:05","guid":{"rendered":"https:\/\/www.kerzenhaeuser.de\/kevelaer\/?p=154"},"modified":"2021-07-07T14:07:34","modified_gmt":"2021-07-07T12:07:34","slug":"glaswindlicht-und-holzfisch","status":"publish","type":"post","link":"https:\/\/www.kerzenhaus.de\/kevelaer\/2021\/07\/13\/glaswindlicht-und-holzfisch\/","title":{"rendered":"Glaswindlicht und Holzfisch"},"content":{"rendered":"<h3>Glaswindlicht<\/h3>\n<p>In zwei Gr\u00f6\u00dfen: H\u00f6he 10cm: <del>\u20ac9,95<\/del> \u00a0<strong>jetzt \u20ac5,95<\/strong> und H\u00f6he 13cm: <del>\u20ac14,95<\/del> \u00a0<strong>jetzt \u20ac8,95<\/strong><\/p>\n<h3>Holzfisch<\/h3>\n<p>Holz, H\u00f6he 240cm und  Breite 30cm <del>\u20ac39,95<\/del> <strong>jetzt \u20ac19,95<\/strong><\/p>\n<p>* Angebot g\u00fcltig bis 20.07.2021 oder so lange der Vorrat reicht.<\/p>\n","protected":false},"excerpt":{"rendered":"<p>Glaswindlicht In zwei Gr\u00f6\u00dfen: H\u00f6he 10cm: \u20ac9,95 \u00a0jetzt \u20ac5,95 und H\u00f6he 13cm: \u20ac14,95 \u00a0jetzt \u20ac8,95 Holzfisch Holz, H\u00f6he 240cm und Breite 30cm \u20ac39,95 jetzt&#8230;<\/p>\n","protected":false},"author":2,"featured_media":149,"comment_status":"open","ping_status":"open","sticky":false,"template":"","format":"standard","meta":{"footnotes":""},"categories":[11,12,13],"tags":[15,68,65,66,19,69,67,45],"class_list":["post-154","post","type-post","status-publish","format-standard","has-post-thumbnail","hentry","category-angebot-der-woche","category-dekoration","category-haus-und-wohnen","tag-angebot-der-woche","tag-fisch","tag-glas","tag-glaswindlicht","tag-holz","tag-holzfisch","tag-tierfigur","tag-windlicht"],"_links":{"self":[{"href":"https:\/\/www.kerzenhaus.de\/kevelaer\/wp-json\/wp\/v2\/posts\/154","targetHints":{"allow":["GET"]}}],"collection":[{"href":"https:\/\/www.kerzenhaus.de\/kevelaer\/wp-json\/wp\/v2\/posts"}],"about":[{"href":"https:\/\/www.kerzenhaus.de\/kevelaer\/wp-json\/wp\/v2\/types\/post"}],"author":[{"embeddable":true,"href":"https:\/\/www.kerzenhaus.de\/kevelaer\/wp-json\/wp\/v2\/users\/2"}],"replies":[{"embeddable":true,"href":"https:\/\/www.kerzenhaus.de\/kevelaer\/wp-json\/wp\/v2\/comments?post=154"}],"version-history":[{"count":1,"href":"https:\/\/www.kerzenhaus.de\/kevelaer\/wp-json\/wp\/v2\/posts\/154\/revisions"}],"predecessor-version":[{"id":155,"href":"https:\/\/www.kerzenhaus.de\/kevelaer\/wp-json\/wp\/v2\/posts\/154\/revisions\/155"}],"wp:featuredmedia":[{"embeddable":true,"href":"https:\/\/www.kerzenhaus.de\/kevelaer\/wp-json\/wp\/v2\/media\/149"}],"wp:attachment":[{"href":"https:\/\/www.kerzenhaus.de\/kevelaer\/wp-json\/wp\/v2\/media?parent=154"}],"wp:term":[{"taxonomy":"category","embeddable":true,"href":"https:\/\/www.kerzenhaus.de\/kevelaer\/wp-json\/wp\/v2\/categories?post=154"},{"taxonomy":"post_tag","embeddable":true,"href":"https:\/\/www.kerzenhaus.de\/kevelaer\/wp-json\/wp\/v2\/tags?post=154"}],"curies":[{"name":"wp","href":"https:\/\/api.w.org\/{rel}","templated":true}]}}