{"id":839,"date":"2025-09-27T14:57:01","date_gmt":"2025-09-27T12:57:01","guid":{"rendered":"https:\/\/www.kerzenhaus.de\/hasselt\/?p=839"},"modified":"2025-10-06T07:20:12","modified_gmt":"2025-10-06T05:20:12","slug":"wiedereroeffnung-nach-grossem-brand","status":"publish","type":"post","link":"https:\/\/www.kerzenhaus.de\/hasselt\/2025\/09\/27\/wiedereroeffnung-nach-grossem-brand\/","title":{"rendered":"Wiederer\u00f6ffnung nach gro\u00dfem Brand"},"content":{"rendered":"\n<p class=\"has-text-align-center has-x-large-font-size\"><strong>Wir sind zur\u00fcck!<\/strong> <\/p>\n\n\n\n<p class=\"has-text-align-left\">Nach dem gro\u00dfen Brand kehren wir endlich an unseren urspr\u00fcnglichen Standort zur\u00fcck: Bedburger Weide 3, 47551 Bedburg-Hau<\/p>\n\n\n\n<p>Am 18.10.2025 feiern wir die Neuer\u00f6ffnung und starten gemeinsam in unser allj\u00e4hrliches WINTERWONDERLAND<\/p>\n\n\n\n<p>Es erwarten euch<\/p>\n\n\n\n<ul class=\"wp-block-list\">\n<li>Tolle Er\u00f6ffnungsangebote<\/li>\n\n\n\n<li>Eine riesige Ausstellung mit vielen spannenden Neuigkeiten<\/li>\n\n\n\n<li>Frischer Kaffee &amp; leckere Waffeln zur St\u00e4rkung<\/li>\n<\/ul>\n\n\n\n<p>Kommt vorbei und feiert mit uns &#8211; wir freuen uns auf euch!<\/p>\n","protected":false},"excerpt":{"rendered":"<p>Wir sind zur\u00fcck! Nach dem gro\u00dfen Brand kehren wir endlich an unseren urspr\u00fcnglichen Standort zur\u00fcck: Bedburger Weide 3, 47551 Bedburg-Hau Am 18.10.2025 feiern wir die Neuer\u00f6ffnung und starten gemeinsam in unser allj\u00e4hrliches WINTERWONDERLAND Es erwarten euch Kommt vorbei und feiert mit uns &#8211; wir freuen uns auf euch!<\/p>\n","protected":false},"author":3,"featured_media":852,"comment_status":"closed","ping_status":"open","sticky":false,"template":"","format":"standard","meta":{"footnotes":""},"categories":[1],"tags":[58,221,15],"class_list":["post-839","post","type-post","status-publish","format-standard","has-post-thumbnail","hentry","category-allgemein","tag-kerzen","tag-kerzenhaus","tag-wiedereroeffnung"],"_links":{"self":[{"href":"https:\/\/www.kerzenhaus.de\/hasselt\/wp-json\/wp\/v2\/posts\/839","targetHints":{"allow":["GET"]}}],"collection":[{"href":"https:\/\/www.kerzenhaus.de\/hasselt\/wp-json\/wp\/v2\/posts"}],"about":[{"href":"https:\/\/www.kerzenhaus.de\/hasselt\/wp-json\/wp\/v2\/types\/post"}],"author":[{"embeddable":true,"href":"https:\/\/www.kerzenhaus.de\/hasselt\/wp-json\/wp\/v2\/users\/3"}],"replies":[{"embeddable":true,"href":"https:\/\/www.kerzenhaus.de\/hasselt\/wp-json\/wp\/v2\/comments?post=839"}],"version-history":[{"count":6,"href":"https:\/\/www.kerzenhaus.de\/hasselt\/wp-json\/wp\/v2\/posts\/839\/revisions"}],"predecessor-version":[{"id":866,"href":"https:\/\/www.kerzenhaus.de\/hasselt\/wp-json\/wp\/v2\/posts\/839\/revisions\/866"}],"wp:featuredmedia":[{"embeddable":true,"href":"https:\/\/www.kerzenhaus.de\/hasselt\/wp-json\/wp\/v2\/media\/852"}],"wp:attachment":[{"href":"https:\/\/www.kerzenhaus.de\/hasselt\/wp-json\/wp\/v2\/media?parent=839"}],"wp:term":[{"taxonomy":"category","embeddable":true,"href":"https:\/\/www.kerzenhaus.de\/hasselt\/wp-json\/wp\/v2\/categories?post=839"},{"taxonomy":"post_tag","embeddable":true,"href":"https:\/\/www.kerzenhaus.de\/hasselt\/wp-json\/wp\/v2\/tags?post=839"}],"curies":[{"name":"wp","href":"https:\/\/api.w.org\/{rel}","templated":true}]}}