{"id":813,"date":"2024-10-30T14:14:29","date_gmt":"2024-10-30T13:14:29","guid":{"rendered":"https:\/\/www.kerzenhaus.de\/hasselt\/?p=813"},"modified":"2024-10-30T14:14:30","modified_gmt":"2024-10-30T13:14:30","slug":"adventsausstellung-im-kerzenhaus-hasselt-2","status":"publish","type":"post","link":"https:\/\/www.kerzenhaus.de\/hasselt\/2024\/10\/30\/adventsausstellung-im-kerzenhaus-hasselt-2\/","title":{"rendered":"Adventsausstellung im Kerzenhaus Hasselt"},"content":{"rendered":"\n<p class=\"has-text-align-center has-medium-font-size\"><strong>Am 09. November 2024 ist es wieder soweit.<br>Wir m\u00f6chten Sie herzlich zu unserer Adventsausstellung einladen.<br>In der Zeit von 9-18 Uhr halten wir in gem\u00fcltlicher Atmosph\u00e4re Kaffee und Feinkost f\u00fcr Sie bereit.<br>Wundersch\u00f6ne Adventsgestecke und -kr\u00e4nze warten darauf bewundert zu werden.<\/strong><\/p>\n\n\n\n<figure class=\"wp-block-video\"><video height=\"1080\" style=\"aspect-ratio: 1080 \/ 1080;\" width=\"1080\" controls src=\"https:\/\/www.kerzenhaus.de\/hasselt\/wp-content\/uploads\/2024\/10\/Adventsausstellung-20242.mp4\"><\/video><\/figure>\n","protected":false},"excerpt":{"rendered":"<p>Am 09. November 2024 ist es wieder soweit.<br \/>\nWir m\u00f6chten Sie herzlich zu unserer Adventsausstellung einladen.<br \/>\nIn der Zeit von 9-18 Uhr halten wir in gem\u00fcltlicher Atmosph\u00e4re Kaffee und Feinkost f\u00fcr Sie bereit.<br \/>\nWundersch\u00f6ne Adventsgestecke und -kr\u00e4nze warten darauf bewundert zu werden.<\/p>\n","protected":false},"author":3,"featured_media":819,"comment_status":"closed","ping_status":"open","sticky":false,"template":"","format":"standard","meta":{"footnotes":""},"categories":[1,5],"tags":[209,175,79,211,58,210,6],"class_list":["post-813","post","type-post","status-publish","format-standard","has-post-thumbnail","hentry","category-allgemein","category-weihnachten","tag-adventsausstellung","tag-adventskranz","tag-deko","tag-gesteck","tag-kerzen","tag-kerzenhaus-hasselt","tag-winterwonderland"],"_links":{"self":[{"href":"https:\/\/www.kerzenhaus.de\/hasselt\/wp-json\/wp\/v2\/posts\/813","targetHints":{"allow":["GET"]}}],"collection":[{"href":"https:\/\/www.kerzenhaus.de\/hasselt\/wp-json\/wp\/v2\/posts"}],"about":[{"href":"https:\/\/www.kerzenhaus.de\/hasselt\/wp-json\/wp\/v2\/types\/post"}],"author":[{"embeddable":true,"href":"https:\/\/www.kerzenhaus.de\/hasselt\/wp-json\/wp\/v2\/users\/3"}],"replies":[{"embeddable":true,"href":"https:\/\/www.kerzenhaus.de\/hasselt\/wp-json\/wp\/v2\/comments?post=813"}],"version-history":[{"count":2,"href":"https:\/\/www.kerzenhaus.de\/hasselt\/wp-json\/wp\/v2\/posts\/813\/revisions"}],"predecessor-version":[{"id":818,"href":"https:\/\/www.kerzenhaus.de\/hasselt\/wp-json\/wp\/v2\/posts\/813\/revisions\/818"}],"wp:featuredmedia":[{"embeddable":true,"href":"https:\/\/www.kerzenhaus.de\/hasselt\/wp-json\/wp\/v2\/media\/819"}],"wp:attachment":[{"href":"https:\/\/www.kerzenhaus.de\/hasselt\/wp-json\/wp\/v2\/media?parent=813"}],"wp:term":[{"taxonomy":"category","embeddable":true,"href":"https:\/\/www.kerzenhaus.de\/hasselt\/wp-json\/wp\/v2\/categories?post=813"},{"taxonomy":"post_tag","embeddable":true,"href":"https:\/\/www.kerzenhaus.de\/hasselt\/wp-json\/wp\/v2\/tags?post=813"}],"curies":[{"name":"wp","href":"https:\/\/api.w.org\/{rel}","templated":true}]}}