{"id":765,"date":"2023-12-26T12:17:12","date_gmt":"2023-12-26T11:17:12","guid":{"rendered":"https:\/\/www.kerzenhaus.de\/hasselt\/?p=765"},"modified":"2023-12-27T10:54:53","modified_gmt":"2023-12-27T09:54:53","slug":"kontaktmoeglichkeiten-nach-dem-brand","status":"publish","type":"post","link":"https:\/\/www.kerzenhaus.de\/hasselt\/2023\/12\/26\/kontaktmoeglichkeiten-nach-dem-brand\/","title":{"rendered":"Kontaktm\u00f6glichkeiten nach dem Brand"},"content":{"rendered":"\n<p>Sehr geehrte Damen und Herren,<\/p>\n\n\n\n<p>noch immer sitzen Schreck und Schock \u00fcber den verheerenden Brand tief in den Gliedern. Momentan sind wir telefonisch leider noch nicht wieder erreichbar, da die entsprechende Infrastruktur zerst\u00f6rt wurde. <\/p>\n\n\n\n<p>Wir nutzen auch die Zeit \u00fcber die Feiertage, um schnellstm\u00f6glich einen Plan zu entwickeln, wann und wie es f\u00fcr die Kerzenh\u00e4user und auch Kerzen Bloemen weitergehen kann und weitergehen wird. <\/p>\n\n\n\n<p>Bitte halten Sie nach M\u00f6glichkeit unsere <strong><a href=\"https:\/\/www.kerzenhaus.de\/\">Webseite<\/a><\/strong> und unsere <strong><a href=\"https:\/\/www.facebook.com\/kerzenhaeuser\/\">Facebookseite<\/a><\/strong> im Auge, um \u00fcber die aktuellen Entwicklungen auf dem Laufenden zu bleiben.<\/p>\n\n\n\n<p>Ihre Familie Bloemen<\/p>\n\n\n\n<h2 class=\"wp-block-heading\">Kerzenhaus Kleve und Kerzenhaus neben der Basilika in Kevelaer<\/h2>\n\n\n\n<p>Sowohl das Kerzenhaus Kleve in der Klever Innenstadt, Gro\u00dfe Stra\u00dfe 45 in 47553 Kleve, als auch das Kerzenhaus neben der Basilika in der Hauptstra\u00dfe 1 in 47623 Kevelaer werden ab Mittwoch, 27.12.2023 ganz regul\u00e4r \u00f6ffnen. <\/p>\n","protected":false},"excerpt":{"rendered":"<p>Sehr geehrte Damen und Herren, noch immer sitzen Schreck und Schock \u00fcber den verheerenden Brand tief in den Gliedern. Momentan sind wir telefonisch leider noch nicht wieder erreichbar, da die entsprechende Infrastruktur zerst\u00f6rt wurde. Wir nutzen auch die Zeit \u00fcber die Feiertage, um schnellstm\u00f6glich einen Plan zu entwickeln, wann und wie es f\u00fcr die Kerzenh\u00e4user [&hellip;]<\/p>\n","protected":false},"author":2,"featured_media":766,"comment_status":"closed","ping_status":"open","sticky":false,"template":"","format":"standard","meta":{"footnotes":""},"categories":[1,9,8],"tags":[208],"class_list":["post-765","post","type-post","status-publish","format-standard","has-post-thumbnail","hentry","category-allgemein","category-ankuendigungen","category-unternehmen","tag-brand"],"_links":{"self":[{"href":"https:\/\/www.kerzenhaus.de\/hasselt\/wp-json\/wp\/v2\/posts\/765","targetHints":{"allow":["GET"]}}],"collection":[{"href":"https:\/\/www.kerzenhaus.de\/hasselt\/wp-json\/wp\/v2\/posts"}],"about":[{"href":"https:\/\/www.kerzenhaus.de\/hasselt\/wp-json\/wp\/v2\/types\/post"}],"author":[{"embeddable":true,"href":"https:\/\/www.kerzenhaus.de\/hasselt\/wp-json\/wp\/v2\/users\/2"}],"replies":[{"embeddable":true,"href":"https:\/\/www.kerzenhaus.de\/hasselt\/wp-json\/wp\/v2\/comments?post=765"}],"version-history":[{"count":3,"href":"https:\/\/www.kerzenhaus.de\/hasselt\/wp-json\/wp\/v2\/posts\/765\/revisions"}],"predecessor-version":[{"id":770,"href":"https:\/\/www.kerzenhaus.de\/hasselt\/wp-json\/wp\/v2\/posts\/765\/revisions\/770"}],"wp:featuredmedia":[{"embeddable":true,"href":"https:\/\/www.kerzenhaus.de\/hasselt\/wp-json\/wp\/v2\/media\/766"}],"wp:attachment":[{"href":"https:\/\/www.kerzenhaus.de\/hasselt\/wp-json\/wp\/v2\/media?parent=765"}],"wp:term":[{"taxonomy":"category","embeddable":true,"href":"https:\/\/www.kerzenhaus.de\/hasselt\/wp-json\/wp\/v2\/categories?post=765"},{"taxonomy":"post_tag","embeddable":true,"href":"https:\/\/www.kerzenhaus.de\/hasselt\/wp-json\/wp\/v2\/tags?post=765"}],"curies":[{"name":"wp","href":"https:\/\/api.w.org\/{rel}","templated":true}]}}