{"id":581,"date":"2022-05-18T08:55:14","date_gmt":"2022-05-18T06:55:14","guid":{"rendered":"https:\/\/www.kerzenhaus.de\/hasselt\/?p=581"},"modified":"2022-05-18T09:32:15","modified_gmt":"2022-05-18T07:32:15","slug":"am-26-mai-ist-vatertag","status":"publish","type":"post","link":"https:\/\/www.kerzenhaus.de\/hasselt\/2022\/05\/18\/am-26-mai-ist-vatertag\/","title":{"rendered":"Am 26. Mai ist Vatertag"},"content":{"rendered":"\n<h3 class=\"wp-block-heading\">Sitzpolster mit verschiedenen Spr\u00fcchen<\/h3>\n\n\n\n<p>Aufsatz f\u00fcr Getr\u00e4nkekisten<\/p>\n\n\n\n<p>Breite: 44cm, L\u00e4nge: 34cm.&nbsp; <\/p>\n\n\n\n<p><strong>Unser Wochenangebot f\u00fcr jetzt nur \u20ac<\/strong>21,95<\/p>\n\n\n\n<p><\/p>\n\n\n\n<p><em>* Angebot g\u00fcltig bis 24.5.2022 oder so lange der Vorrat reicht.<\/em><\/p>\n","protected":false},"excerpt":{"rendered":"<p>Sitzpolster mit verschiedenen Spr\u00fcchen Aufsatz f\u00fcr Getr\u00e4nkekisten Breite: 44cm, L\u00e4nge: 34cm.&nbsp; Unser Wochenangebot f\u00fcr jetzt nur \u20ac21,95 * Angebot g\u00fcltig bis 24.5.2022 oder so lange der Vorrat reicht.<\/p>\n","protected":false},"author":3,"featured_media":585,"comment_status":"open","ping_status":"open","sticky":false,"template":"","format":"standard","meta":{"footnotes":""},"categories":[19,4,93],"tags":[20,105,189,188],"class_list":["post-581","post","type-post","status-publish","format-standard","has-post-thumbnail","hentry","category-angebot-der-woche","category-dekorationen","category-garten","tag-angebot-der-woche","tag-maennerwelt","tag-sitzpolster","tag-vatertag"],"_links":{"self":[{"href":"https:\/\/www.kerzenhaus.de\/hasselt\/wp-json\/wp\/v2\/posts\/581","targetHints":{"allow":["GET"]}}],"collection":[{"href":"https:\/\/www.kerzenhaus.de\/hasselt\/wp-json\/wp\/v2\/posts"}],"about":[{"href":"https:\/\/www.kerzenhaus.de\/hasselt\/wp-json\/wp\/v2\/types\/post"}],"author":[{"embeddable":true,"href":"https:\/\/www.kerzenhaus.de\/hasselt\/wp-json\/wp\/v2\/users\/3"}],"replies":[{"embeddable":true,"href":"https:\/\/www.kerzenhaus.de\/hasselt\/wp-json\/wp\/v2\/comments?post=581"}],"version-history":[{"count":4,"href":"https:\/\/www.kerzenhaus.de\/hasselt\/wp-json\/wp\/v2\/posts\/581\/revisions"}],"predecessor-version":[{"id":588,"href":"https:\/\/www.kerzenhaus.de\/hasselt\/wp-json\/wp\/v2\/posts\/581\/revisions\/588"}],"wp:featuredmedia":[{"embeddable":true,"href":"https:\/\/www.kerzenhaus.de\/hasselt\/wp-json\/wp\/v2\/media\/585"}],"wp:attachment":[{"href":"https:\/\/www.kerzenhaus.de\/hasselt\/wp-json\/wp\/v2\/media?parent=581"}],"wp:term":[{"taxonomy":"category","embeddable":true,"href":"https:\/\/www.kerzenhaus.de\/hasselt\/wp-json\/wp\/v2\/categories?post=581"},{"taxonomy":"post_tag","embeddable":true,"href":"https:\/\/www.kerzenhaus.de\/hasselt\/wp-json\/wp\/v2\/tags?post=581"}],"curies":[{"name":"wp","href":"https:\/\/api.w.org\/{rel}","templated":true}]}}