{"id":503,"date":"2021-11-06T13:33:20","date_gmt":"2021-11-06T12:33:20","guid":{"rendered":"https:\/\/www.kerzenhaeuser.de\/hasselt\/?p=503"},"modified":"2021-11-06T13:34:15","modified_gmt":"2021-11-06T12:34:15","slug":"traumstunden-unser-winterprospekt","status":"publish","type":"post","link":"https:\/\/www.kerzenhaus.de\/hasselt\/2021\/11\/06\/traumstunden-unser-winterprospekt\/","title":{"rendered":"Traumstunden &#8211; Unser Winterprospekt"},"content":{"rendered":"\n<p>Unter dem Motto &#8222;Traumstunden&#8220; haben wir einen winterlichen Prospekt zusammengestellt, der schon jetzt Weihnachtsstimmung verbreitet. Sie k\u00f6nnen aber auch den auslaufenden Herbst genie\u00dfen und sich entsprechende Farben ins Heim holen, und mit wunderbarer Beleuchtung W\u00e4rme und Behaglichkeit verbreiten.<\/p>\n\n\n\n<p>Bl\u00e4ttern Sie hier auf unserer Webseite gem\u00fctlich durch die PDF-Datei des Kataloges oder laden Sie sich die Datei herunter. Als Alternative haben wir die Bilder aber unten folgend auch als Fotodateien eingestellt.<\/p>\n\n\n\n<p>Viel Spa\u00df beim voradventlichen Schm\u00f6kern.<\/p>\n\n\n\n<div data-wp-interactive=\"core\/file\" class=\"wp-block-file\"><object data-wp-bind--hidden=\"!state.hasPdfPreview\" hidden class=\"wp-block-file__embed\" data=\"https:\/\/www.kerzenhaeuser.de\/hasselt\/wp-content\/uploads\/2021\/11\/Winterprospekt2021_GILDE_62550-Bloemen.pdf\" type=\"application\/pdf\" style=\"width:100%;height:600px\" aria-label=\"Einbettung von Einbettung von Winterprospekt2021_GILDE_62550 Bloemen..\"><\/object><a href=\"https:\/\/www.kerzenhaeuser.de\/hasselt\/wp-content\/uploads\/2021\/11\/Winterprospekt2021_GILDE_62550-Bloemen.pdf\">Winterprospekt2021_GILDE_62550 Bloemen<\/a><a href=\"https:\/\/www.kerzenhaeuser.de\/hasselt\/wp-content\/uploads\/2021\/11\/Winterprospekt2021_GILDE_62550-Bloemen.pdf\" class=\"wp-block-file__button\" download>Herunterladen<\/a><\/div>\n\n\n\n<figure class=\"wp-block-gallery columns-2 wp-block-gallery-1 is-layout-flex wp-block-gallery-is-layout-flex\"><ul class=\"blocks-gallery-grid\"><li class=\"blocks-gallery-item\"><figure><a href=\"https:\/\/www.kerzenhaeuser.de\/hasselt\/wp-content\/uploads\/2021\/11\/Winterprospekt2021_GILDE_62550-Bloemen-1.jpg\"><img fetchpriority=\"high\" decoding=\"async\" width=\"788\" height=\"1024\" src=\"https:\/\/www.kerzenhaeuser.de\/hasselt\/wp-content\/uploads\/2021\/11\/Winterprospekt2021_GILDE_62550-Bloemen-1-788x1024.jpg\" alt=\"\" data-id=\"506\" data-full-url=\"https:\/\/www.kerzenhaeuser.de\/hasselt\/wp-content\/uploads\/2021\/11\/Winterprospekt2021_GILDE_62550-Bloemen-1.jpg\" data-link=\"https:\/\/www.kerzenhaeuser.de\/hasselt\/?attachment_id=506\" class=\"wp-image-506\" srcset=\"https:\/\/www.kerzenhaus.de\/hasselt\/wp-content\/uploads\/2021\/11\/Winterprospekt2021_GILDE_62550-Bloemen-1-788x1024.jpg 788w, https:\/\/www.kerzenhaus.de\/hasselt\/wp-content\/uploads\/2021\/11\/Winterprospekt2021_GILDE_62550-Bloemen-1-231x300.jpg 231w, https:\/\/www.kerzenhaus.de\/hasselt\/wp-content\/uploads\/2021\/11\/Winterprospekt2021_GILDE_62550-Bloemen-1-768x998.jpg 768w, https:\/\/www.kerzenhaus.de\/hasselt\/wp-content\/uploads\/2021\/11\/Winterprospekt2021_GILDE_62550-Bloemen-1.jpg 1181w\" sizes=\"(max-width: 788px) 100vw, 788px\" \/><\/a><\/figure><\/li><li class=\"blocks-gallery-item\"><figure><a href=\"https:\/\/www.kerzenhaeuser.de\/hasselt\/wp-content\/uploads\/2021\/11\/Winterprospekt2021_GILDE_62550-Bloemen-5.jpg\"><img decoding=\"async\" width=\"788\" height=\"1024\" src=\"https:\/\/www.kerzenhaeuser.de\/hasselt\/wp-content\/uploads\/2021\/11\/Winterprospekt2021_GILDE_62550-Bloemen-5-788x1024.jpg\" alt=\"\" data-id=\"510\" data-full-url=\"https:\/\/www.kerzenhaeuser.de\/hasselt\/wp-content\/uploads\/2021\/11\/Winterprospekt2021_GILDE_62550-Bloemen-5.jpg\" data-link=\"https:\/\/www.kerzenhaeuser.de\/hasselt\/?attachment_id=510\" class=\"wp-image-510\" srcset=\"https:\/\/www.kerzenhaus.de\/hasselt\/wp-content\/uploads\/2021\/11\/Winterprospekt2021_GILDE_62550-Bloemen-5-788x1024.jpg 788w, https:\/\/www.kerzenhaus.de\/hasselt\/wp-content\/uploads\/2021\/11\/Winterprospekt2021_GILDE_62550-Bloemen-5-231x300.jpg 231w, https:\/\/www.kerzenhaus.de\/hasselt\/wp-content\/uploads\/2021\/11\/Winterprospekt2021_GILDE_62550-Bloemen-5-768x998.jpg 768w, https:\/\/www.kerzenhaus.de\/hasselt\/wp-content\/uploads\/2021\/11\/Winterprospekt2021_GILDE_62550-Bloemen-5.jpg 1181w\" sizes=\"(max-width: 788px) 100vw, 788px\" \/><\/a><\/figure><\/li><li class=\"blocks-gallery-item\"><figure><a href=\"https:\/\/www.kerzenhaeuser.de\/hasselt\/wp-content\/uploads\/2021\/11\/Winterprospekt2021_GILDE_62550-Bloemen-2.jpg\"><img decoding=\"async\" width=\"1024\" height=\"665\" src=\"https:\/\/www.kerzenhaeuser.de\/hasselt\/wp-content\/uploads\/2021\/11\/Winterprospekt2021_GILDE_62550-Bloemen-2-1024x665.jpg\" alt=\"\" data-id=\"507\" data-full-url=\"https:\/\/www.kerzenhaeuser.de\/hasselt\/wp-content\/uploads\/2021\/11\/Winterprospekt2021_GILDE_62550-Bloemen-2.jpg\" data-link=\"https:\/\/www.kerzenhaeuser.de\/hasselt\/?attachment_id=507\" class=\"wp-image-507\" srcset=\"https:\/\/www.kerzenhaus.de\/hasselt\/wp-content\/uploads\/2021\/11\/Winterprospekt2021_GILDE_62550-Bloemen-2-1024x665.jpg 1024w, https:\/\/www.kerzenhaus.de\/hasselt\/wp-content\/uploads\/2021\/11\/Winterprospekt2021_GILDE_62550-Bloemen-2-300x195.jpg 300w, https:\/\/www.kerzenhaus.de\/hasselt\/wp-content\/uploads\/2021\/11\/Winterprospekt2021_GILDE_62550-Bloemen-2-768x499.jpg 768w, https:\/\/www.kerzenhaus.de\/hasselt\/wp-content\/uploads\/2021\/11\/Winterprospekt2021_GILDE_62550-Bloemen-2-1536x998.jpg 1536w, https:\/\/www.kerzenhaus.de\/hasselt\/wp-content\/uploads\/2021\/11\/Winterprospekt2021_GILDE_62550-Bloemen-2-2048x1331.jpg 2048w\" sizes=\"(max-width: 1024px) 100vw, 1024px\" \/><\/a><\/figure><\/li><li class=\"blocks-gallery-item\"><figure><a href=\"https:\/\/www.kerzenhaeuser.de\/hasselt\/wp-content\/uploads\/2021\/11\/Winterprospekt2021_GILDE_62550-Bloemen-3.jpg\"><img loading=\"lazy\" decoding=\"async\" width=\"1024\" height=\"665\" src=\"https:\/\/www.kerzenhaeuser.de\/hasselt\/wp-content\/uploads\/2021\/11\/Winterprospekt2021_GILDE_62550-Bloemen-3-1024x665.jpg\" alt=\"\" data-id=\"508\" data-full-url=\"https:\/\/www.kerzenhaeuser.de\/hasselt\/wp-content\/uploads\/2021\/11\/Winterprospekt2021_GILDE_62550-Bloemen-3.jpg\" data-link=\"https:\/\/www.kerzenhaeuser.de\/hasselt\/?attachment_id=508\" class=\"wp-image-508\" srcset=\"https:\/\/www.kerzenhaus.de\/hasselt\/wp-content\/uploads\/2021\/11\/Winterprospekt2021_GILDE_62550-Bloemen-3-1024x665.jpg 1024w, https:\/\/www.kerzenhaus.de\/hasselt\/wp-content\/uploads\/2021\/11\/Winterprospekt2021_GILDE_62550-Bloemen-3-300x195.jpg 300w, https:\/\/www.kerzenhaus.de\/hasselt\/wp-content\/uploads\/2021\/11\/Winterprospekt2021_GILDE_62550-Bloemen-3-768x499.jpg 768w, https:\/\/www.kerzenhaus.de\/hasselt\/wp-content\/uploads\/2021\/11\/Winterprospekt2021_GILDE_62550-Bloemen-3-1536x998.jpg 1536w, https:\/\/www.kerzenhaus.de\/hasselt\/wp-content\/uploads\/2021\/11\/Winterprospekt2021_GILDE_62550-Bloemen-3-2048x1331.jpg 2048w\" sizes=\"(max-width: 1024px) 100vw, 1024px\" \/><\/a><\/figure><\/li><li class=\"blocks-gallery-item\"><figure><a href=\"https:\/\/www.kerzenhaeuser.de\/hasselt\/wp-content\/uploads\/2021\/11\/Winterprospekt2021_GILDE_62550-Bloemen-4.jpg\"><img loading=\"lazy\" decoding=\"async\" width=\"1024\" height=\"665\" src=\"https:\/\/www.kerzenhaeuser.de\/hasselt\/wp-content\/uploads\/2021\/11\/Winterprospekt2021_GILDE_62550-Bloemen-4-1024x665.jpg\" alt=\"\" data-id=\"509\" data-full-url=\"https:\/\/www.kerzenhaeuser.de\/hasselt\/wp-content\/uploads\/2021\/11\/Winterprospekt2021_GILDE_62550-Bloemen-4.jpg\" data-link=\"https:\/\/www.kerzenhaeuser.de\/hasselt\/?attachment_id=509\" class=\"wp-image-509\" srcset=\"https:\/\/www.kerzenhaus.de\/hasselt\/wp-content\/uploads\/2021\/11\/Winterprospekt2021_GILDE_62550-Bloemen-4-1024x665.jpg 1024w, https:\/\/www.kerzenhaus.de\/hasselt\/wp-content\/uploads\/2021\/11\/Winterprospekt2021_GILDE_62550-Bloemen-4-300x195.jpg 300w, https:\/\/www.kerzenhaus.de\/hasselt\/wp-content\/uploads\/2021\/11\/Winterprospekt2021_GILDE_62550-Bloemen-4-768x499.jpg 768w, https:\/\/www.kerzenhaus.de\/hasselt\/wp-content\/uploads\/2021\/11\/Winterprospekt2021_GILDE_62550-Bloemen-4-1536x998.jpg 1536w, https:\/\/www.kerzenhaus.de\/hasselt\/wp-content\/uploads\/2021\/11\/Winterprospekt2021_GILDE_62550-Bloemen-4-2048x1331.jpg 2048w\" sizes=\"(max-width: 1024px) 100vw, 1024px\" \/><\/a><\/figure><\/li><\/ul><\/figure>\n","protected":false},"excerpt":{"rendered":"<p>Unter dem Motto &#8222;Traumstunden&#8220; haben wir einen winterlichen Prospekt zusammengestellt, der schon jetzt Weihnachtsstimmung verbreitet. Sie k\u00f6nnen aber auch den auslaufenden Herbst genie\u00dfen und sich entsprechende Farben ins Heim holen, und mit wunderbarer Beleuchtung W\u00e4rme und Behaglichkeit verbreiten. Bl\u00e4ttern Sie hier auf unserer Webseite gem\u00fctlich durch die PDF-Datei des Kataloges oder laden Sie sich die [&hellip;]<\/p>\n","protected":false},"author":2,"featured_media":505,"comment_status":"open","ping_status":"open","sticky":false,"template":"","format":"standard","meta":{"footnotes":""},"categories":[4,99,5],"tags":[14,101,90,173],"class_list":["post-503","post","type-post","status-publish","format-standard","has-post-thumbnail","hentry","category-dekorationen","category-herbst","category-weihnachten","tag-gilde","tag-herbst","tag-katalog","tag-winter"],"_links":{"self":[{"href":"https:\/\/www.kerzenhaus.de\/hasselt\/wp-json\/wp\/v2\/posts\/503","targetHints":{"allow":["GET"]}}],"collection":[{"href":"https:\/\/www.kerzenhaus.de\/hasselt\/wp-json\/wp\/v2\/posts"}],"about":[{"href":"https:\/\/www.kerzenhaus.de\/hasselt\/wp-json\/wp\/v2\/types\/post"}],"author":[{"embeddable":true,"href":"https:\/\/www.kerzenhaus.de\/hasselt\/wp-json\/wp\/v2\/users\/2"}],"replies":[{"embeddable":true,"href":"https:\/\/www.kerzenhaus.de\/hasselt\/wp-json\/wp\/v2\/comments?post=503"}],"version-history":[{"count":3,"href":"https:\/\/www.kerzenhaus.de\/hasselt\/wp-json\/wp\/v2\/posts\/503\/revisions"}],"predecessor-version":[{"id":513,"href":"https:\/\/www.kerzenhaus.de\/hasselt\/wp-json\/wp\/v2\/posts\/503\/revisions\/513"}],"wp:featuredmedia":[{"embeddable":true,"href":"https:\/\/www.kerzenhaus.de\/hasselt\/wp-json\/wp\/v2\/media\/505"}],"wp:attachment":[{"href":"https:\/\/www.kerzenhaus.de\/hasselt\/wp-json\/wp\/v2\/media?parent=503"}],"wp:term":[{"taxonomy":"category","embeddable":true,"href":"https:\/\/www.kerzenhaus.de\/hasselt\/wp-json\/wp\/v2\/categories?post=503"},{"taxonomy":"post_tag","embeddable":true,"href":"https:\/\/www.kerzenhaus.de\/hasselt\/wp-json\/wp\/v2\/tags?post=503"}],"curies":[{"name":"wp","href":"https:\/\/api.w.org\/{rel}","templated":true}]}}