{"id":352,"date":"2021-07-21T00:00:23","date_gmt":"2021-07-20T22:00:23","guid":{"rendered":"https:\/\/www.kerzenhaeuser.de\/hasselt\/?p=352"},"modified":"2021-07-28T14:31:44","modified_gmt":"2021-07-28T12:31:44","slug":"froesche-bild-und-porzellanfigur","status":"publish","type":"post","link":"https:\/\/www.kerzenhaus.de\/hasselt\/2021\/07\/21\/froesche-bild-und-porzellanfigur\/","title":{"rendered":"Fr\u00f6sche: Bild und Porzellanfigur"},"content":{"rendered":"<h3>Frosch-Bild<\/h3>\n<p>auf Leinwand, H\u00f6he und Breite 40cm: <del>\u20ac42,95<\/del> \u00a0<strong>jetzt \u20ac29,95<\/strong><\/p>\n<h3>Porzellan-Frosch<\/h3>\n<p>In zwei Gr\u00f6\u00dfen: H\u00f6he 15cm: <del>\u20ac9,95<\/del> \u00a0<strong>jetzt \u20ac7,95<\/strong> und H\u00f6he 25cm: <del>\u20ac18,95<\/del> \u00a0<strong>jetzt \u20ac14,95<\/strong><\/p>\n<p>* Angebot g\u00fcltig bis 27.07.2021 oder so lange der Vorrat reicht.<\/p>\n","protected":false},"excerpt":{"rendered":"<p>Frosch-Bild auf Leinwand, H\u00f6he und Breite 40cm: \u20ac42,95 \u00a0jetzt \u20ac29,95 Porzellan-Frosch In zwei Gr\u00f6\u00dfen: H\u00f6he 15cm: \u20ac9,95 \u00a0jetzt \u20ac7,95 und H\u00f6he 25cm: \u20ac18,95 \u00a0jetzt \u20ac14,95 * Angebot g\u00fcltig bis 27.07.2021 oder so lange der Vorrat reicht.<\/p>\n","protected":false},"author":2,"featured_media":353,"comment_status":"open","ping_status":"open","sticky":false,"template":"","format":"standard","meta":{"footnotes":""},"categories":[19,4,96],"tags":[20,151,152,27,153,154,155,95],"class_list":["post-352","post","type-post","status-publish","format-standard","has-post-thumbnail","hentry","category-angebot-der-woche","category-dekorationen","category-haus-und-wohnen","tag-angebot-der-woche","tag-bild-auf-leinwand","tag-frosch","tag-gemaelde","tag-leinwand","tag-porzellan","tag-porzellanfigur","tag-tierfigur"],"_links":{"self":[{"href":"https:\/\/www.kerzenhaus.de\/hasselt\/wp-json\/wp\/v2\/posts\/352","targetHints":{"allow":["GET"]}}],"collection":[{"href":"https:\/\/www.kerzenhaus.de\/hasselt\/wp-json\/wp\/v2\/posts"}],"about":[{"href":"https:\/\/www.kerzenhaus.de\/hasselt\/wp-json\/wp\/v2\/types\/post"}],"author":[{"embeddable":true,"href":"https:\/\/www.kerzenhaus.de\/hasselt\/wp-json\/wp\/v2\/users\/2"}],"replies":[{"embeddable":true,"href":"https:\/\/www.kerzenhaus.de\/hasselt\/wp-json\/wp\/v2\/comments?post=352"}],"version-history":[{"count":1,"href":"https:\/\/www.kerzenhaus.de\/hasselt\/wp-json\/wp\/v2\/posts\/352\/revisions"}],"predecessor-version":[{"id":357,"href":"https:\/\/www.kerzenhaus.de\/hasselt\/wp-json\/wp\/v2\/posts\/352\/revisions\/357"}],"wp:featuredmedia":[{"embeddable":true,"href":"https:\/\/www.kerzenhaus.de\/hasselt\/wp-json\/wp\/v2\/media\/353"}],"wp:attachment":[{"href":"https:\/\/www.kerzenhaus.de\/hasselt\/wp-json\/wp\/v2\/media?parent=352"}],"wp:term":[{"taxonomy":"category","embeddable":true,"href":"https:\/\/www.kerzenhaus.de\/hasselt\/wp-json\/wp\/v2\/categories?post=352"},{"taxonomy":"post_tag","embeddable":true,"href":"https:\/\/www.kerzenhaus.de\/hasselt\/wp-json\/wp\/v2\/tags?post=352"}],"curies":[{"name":"wp","href":"https:\/\/api.w.org\/{rel}","templated":true}]}}