{"id":349,"date":"2021-07-13T18:30:49","date_gmt":"2021-07-13T16:30:49","guid":{"rendered":"https:\/\/www.kerzenhaeuser.de\/hasselt\/?p=349"},"modified":"2021-07-07T14:07:46","modified_gmt":"2021-07-07T12:07:46","slug":"glaswindlicht-und-holzfisch","status":"publish","type":"post","link":"https:\/\/www.kerzenhaus.de\/hasselt\/2021\/07\/13\/glaswindlicht-und-holzfisch\/","title":{"rendered":"Glaswindlicht und Holzfisch"},"content":{"rendered":"<h3>Glaswindlicht<\/h3>\n<p>In zwei Gr\u00f6\u00dfen: H\u00f6he 10cm: <del>\u20ac9,95<\/del> \u00a0<strong>jetzt \u20ac5,95<\/strong> und H\u00f6he 13cm: <del>\u20ac14,95<\/del> \u00a0<strong>jetzt \u20ac8,95<\/strong><\/p>\n<h3>Holzfisch<\/h3>\n<p>Holz, H\u00f6he 240cm und  Breite 30cm <del>\u20ac39,95<\/del> <strong>jetzt \u20ac19,95<\/strong><\/p>\n<p>* Angebot g\u00fcltig bis 20.07.2021 oder so lange der Vorrat reicht.<\/p>\n","protected":false},"excerpt":{"rendered":"<p>Glaswindlicht In zwei Gr\u00f6\u00dfen: H\u00f6he 10cm: \u20ac9,95 \u00a0jetzt \u20ac5,95 und H\u00f6he 13cm: \u20ac14,95 \u00a0jetzt \u20ac8,95 Holzfisch Holz, H\u00f6he 240cm und Breite 30cm \u20ac39,95 jetzt \u20ac19,95 * Angebot g\u00fcltig bis 20.07.2021 oder so lange der Vorrat reicht.<\/p>\n","protected":false},"author":2,"featured_media":346,"comment_status":"open","ping_status":"open","sticky":false,"template":"","format":"standard","meta":{"footnotes":""},"categories":[19,4,96],"tags":[20,149,148,124,150,95,84],"class_list":["post-349","post","type-post","status-publish","format-standard","has-post-thumbnail","hentry","category-angebot-der-woche","category-dekorationen","category-haus-und-wohnen","tag-angebot-der-woche","tag-glas","tag-glaswindlicht","tag-holz","tag-holzfisch","tag-tierfigur","tag-windlicht"],"_links":{"self":[{"href":"https:\/\/www.kerzenhaus.de\/hasselt\/wp-json\/wp\/v2\/posts\/349","targetHints":{"allow":["GET"]}}],"collection":[{"href":"https:\/\/www.kerzenhaus.de\/hasselt\/wp-json\/wp\/v2\/posts"}],"about":[{"href":"https:\/\/www.kerzenhaus.de\/hasselt\/wp-json\/wp\/v2\/types\/post"}],"author":[{"embeddable":true,"href":"https:\/\/www.kerzenhaus.de\/hasselt\/wp-json\/wp\/v2\/users\/2"}],"replies":[{"embeddable":true,"href":"https:\/\/www.kerzenhaus.de\/hasselt\/wp-json\/wp\/v2\/comments?post=349"}],"version-history":[{"count":1,"href":"https:\/\/www.kerzenhaus.de\/hasselt\/wp-json\/wp\/v2\/posts\/349\/revisions"}],"predecessor-version":[{"id":350,"href":"https:\/\/www.kerzenhaus.de\/hasselt\/wp-json\/wp\/v2\/posts\/349\/revisions\/350"}],"wp:featuredmedia":[{"embeddable":true,"href":"https:\/\/www.kerzenhaus.de\/hasselt\/wp-json\/wp\/v2\/media\/346"}],"wp:attachment":[{"href":"https:\/\/www.kerzenhaus.de\/hasselt\/wp-json\/wp\/v2\/media?parent=349"}],"wp:term":[{"taxonomy":"category","embeddable":true,"href":"https:\/\/www.kerzenhaus.de\/hasselt\/wp-json\/wp\/v2\/categories?post=349"},{"taxonomy":"post_tag","embeddable":true,"href":"https:\/\/www.kerzenhaus.de\/hasselt\/wp-json\/wp\/v2\/tags?post=349"}],"curies":[{"name":"wp","href":"https:\/\/api.w.org\/{rel}","templated":true}]}}