{"id":227,"date":"2020-08-11T18:30:01","date_gmt":"2020-08-11T16:30:01","guid":{"rendered":"https:\/\/www.kerzenhaeuser.de\/hasselt\/?p=227"},"modified":"2020-08-11T09:20:14","modified_gmt":"2020-08-11T07:20:14","slug":"gemaelde-herbstlichtung-und-teelichter-mit-spruechen","status":"publish","type":"post","link":"https:\/\/www.kerzenhaus.de\/hasselt\/2020\/08\/11\/gemaelde-herbstlichtung-und-teelichter-mit-spruechen\/","title":{"rendered":"Gem\u00e4lde &#8222;Herbstlichtung&#8220; und Teelichter mit Spr\u00fcchen"},"content":{"rendered":"<h3>Gem\u00e4lde \u201eHerbstlichtung\u201c<\/h3>\n<p>MDF, H. 80 cm, B. 80 cm <del>\u20ac159,95<\/del> \u00a0<strong>jetzt \u20ac99,95<\/strong><\/p>\n<h3>Teelichter<\/h3>\n<p>Glas, verschiedene Spr\u00fcche, H. 10 cm, B. 11 cm, T. 5cm <del>\u20ac5,50<\/del> \u00a0<strong>jetzt \u20ac3,95<\/strong><\/p>\n<p>* Angebot g\u00fcltig bis 18.08.2020 oder so lange der Vorrat reicht.<\/p>\n","protected":false},"excerpt":{"rendered":"<p>Gem\u00e4lde \u201eHerbstlichtung\u201c MDF, H. 80 cm, B. 80 cm \u20ac159,95 \u00a0jetzt \u20ac99,95 Teelichter Glas, verschiedene Spr\u00fcche, H. 10 cm, B. 11 cm, T. 5cm \u20ac5,50 \u00a0jetzt \u20ac3,95 * Angebot g\u00fcltig bis 18.08.2020 oder so lange der Vorrat reicht.<\/p>\n","protected":false},"author":2,"featured_media":224,"comment_status":"open","ping_status":"open","sticky":false,"template":"","format":"standard","meta":{"footnotes":""},"categories":[19,4,96,99],"tags":[20,79,27,101,51,52],"class_list":["post-227","post","type-post","status-publish","format-standard","has-post-thumbnail","hentry","category-angebot-der-woche","category-dekorationen","category-haus-und-wohnen","category-herbst","tag-angebot-der-woche","tag-deko","tag-gemaelde","tag-herbst","tag-teelichte","tag-teelichthalter"],"_links":{"self":[{"href":"https:\/\/www.kerzenhaus.de\/hasselt\/wp-json\/wp\/v2\/posts\/227","targetHints":{"allow":["GET"]}}],"collection":[{"href":"https:\/\/www.kerzenhaus.de\/hasselt\/wp-json\/wp\/v2\/posts"}],"about":[{"href":"https:\/\/www.kerzenhaus.de\/hasselt\/wp-json\/wp\/v2\/types\/post"}],"author":[{"embeddable":true,"href":"https:\/\/www.kerzenhaus.de\/hasselt\/wp-json\/wp\/v2\/users\/2"}],"replies":[{"embeddable":true,"href":"https:\/\/www.kerzenhaus.de\/hasselt\/wp-json\/wp\/v2\/comments?post=227"}],"version-history":[{"count":2,"href":"https:\/\/www.kerzenhaus.de\/hasselt\/wp-json\/wp\/v2\/posts\/227\/revisions"}],"predecessor-version":[{"id":229,"href":"https:\/\/www.kerzenhaus.de\/hasselt\/wp-json\/wp\/v2\/posts\/227\/revisions\/229"}],"wp:featuredmedia":[{"embeddable":true,"href":"https:\/\/www.kerzenhaus.de\/hasselt\/wp-json\/wp\/v2\/media\/224"}],"wp:attachment":[{"href":"https:\/\/www.kerzenhaus.de\/hasselt\/wp-json\/wp\/v2\/media?parent=227"}],"wp:term":[{"taxonomy":"category","embeddable":true,"href":"https:\/\/www.kerzenhaus.de\/hasselt\/wp-json\/wp\/v2\/categories?post=227"},{"taxonomy":"post_tag","embeddable":true,"href":"https:\/\/www.kerzenhaus.de\/hasselt\/wp-json\/wp\/v2\/tags?post=227"}],"curies":[{"name":"wp","href":"https:\/\/api.w.org\/{rel}","templated":true}]}}