{"id":193,"date":"2020-06-30T18:19:11","date_gmt":"2020-06-30T16:19:11","guid":{"rendered":"https:\/\/www.kerzenhaeuser.de\/hasselt\/?p=193"},"modified":"2020-06-30T18:19:11","modified_gmt":"2020-06-30T16:19:11","slug":"der-sommer-ist-hier-sommerdeko-fuers-zuhause","status":"publish","type":"post","link":"https:\/\/www.kerzenhaus.de\/hasselt\/2020\/06\/30\/der-sommer-ist-hier-sommerdeko-fuers-zuhause\/","title":{"rendered":"Der Sommer ist hier: Sommerdeko f\u00fcrs Zuhause"},"content":{"rendered":"<p>Unser Sommerprospekt mit vielen sommerlichen Dekorationen f\u00fcrs Zuhause und f\u00fcr den Garten lag mehreren Tages- und Wochenzeitungen bei. F\u00fcr diejenigen, die ihn noch nicht haben, oder unsere gro\u00dfartigen Angebote anders weiterempfehlen m\u00f6chten, haben wir ihn hier auch zum Download bereitgestellt:<\/p>\n<div id=\"attachment_195\" style=\"width: 650px\" class=\"wp-caption aligncenter\"><a href=\"https:\/\/www.kerzenhaeuser.de\/hasselt\/wp-content\/uploads\/2020\/06\/Sommer-2020.pdf\"><img fetchpriority=\"high\" decoding=\"async\" aria-describedby=\"caption-attachment-195\" class=\"size-large wp-image-195\" src=\"https:\/\/www.kerzenhaeuser.de\/hasselt\/wp-content\/uploads\/2020\/06\/Sommer-2020_Titelblatt-724x1024.jpg\" alt=\"Der Sommer ist hier: Die Sommerwerbung vom Kerzenhaus Hasselt.\" width=\"640\" height=\"905\" srcset=\"https:\/\/www.kerzenhaus.de\/hasselt\/wp-content\/uploads\/2020\/06\/Sommer-2020_Titelblatt-724x1024.jpg 724w, https:\/\/www.kerzenhaus.de\/hasselt\/wp-content\/uploads\/2020\/06\/Sommer-2020_Titelblatt-212x300.jpg 212w, https:\/\/www.kerzenhaus.de\/hasselt\/wp-content\/uploads\/2020\/06\/Sommer-2020_Titelblatt-768x1086.jpg 768w, https:\/\/www.kerzenhaus.de\/hasselt\/wp-content\/uploads\/2020\/06\/Sommer-2020_Titelblatt-1086x1536.jpg 1086w, https:\/\/www.kerzenhaus.de\/hasselt\/wp-content\/uploads\/2020\/06\/Sommer-2020_Titelblatt.jpg 1240w\" sizes=\"(max-width: 640px) 100vw, 640px\" \/><\/a><p id=\"caption-attachment-195\" class=\"wp-caption-text\">Der Sommer ist hier: Die Sommerwerbung vom Kerzenhaus Hasselt.<\/p><\/div>\n","protected":false},"excerpt":{"rendered":"<p>Unser Sommerprospekt mit vielen sommerlichen Dekorationen f\u00fcrs Zuhause und f\u00fcr den Garten lag mehreren Tages- und Wochenzeitungen bei. F\u00fcr diejenigen, die ihn noch nicht haben, oder unsere gro\u00dfartigen Angebote anders weiterempfehlen m\u00f6chten, haben wir ihn hier auch zum Download bereitgestellt:<\/p>\n","protected":false},"author":2,"featured_media":198,"comment_status":"open","ping_status":"open","sticky":false,"template":"","format":"standard","meta":{"footnotes":""},"categories":[4,88],"tags":[89,92,90,91],"class_list":["post-193","post","type-post","status-publish","format-standard","has-post-thumbnail","hentry","category-dekorationen","category-sommer","tag-broschuere","tag-flyer","tag-katalog","tag-werbung"],"_links":{"self":[{"href":"https:\/\/www.kerzenhaus.de\/hasselt\/wp-json\/wp\/v2\/posts\/193","targetHints":{"allow":["GET"]}}],"collection":[{"href":"https:\/\/www.kerzenhaus.de\/hasselt\/wp-json\/wp\/v2\/posts"}],"about":[{"href":"https:\/\/www.kerzenhaus.de\/hasselt\/wp-json\/wp\/v2\/types\/post"}],"author":[{"embeddable":true,"href":"https:\/\/www.kerzenhaus.de\/hasselt\/wp-json\/wp\/v2\/users\/2"}],"replies":[{"embeddable":true,"href":"https:\/\/www.kerzenhaus.de\/hasselt\/wp-json\/wp\/v2\/comments?post=193"}],"version-history":[{"count":3,"href":"https:\/\/www.kerzenhaus.de\/hasselt\/wp-json\/wp\/v2\/posts\/193\/revisions"}],"predecessor-version":[{"id":200,"href":"https:\/\/www.kerzenhaus.de\/hasselt\/wp-json\/wp\/v2\/posts\/193\/revisions\/200"}],"wp:featuredmedia":[{"embeddable":true,"href":"https:\/\/www.kerzenhaus.de\/hasselt\/wp-json\/wp\/v2\/media\/198"}],"wp:attachment":[{"href":"https:\/\/www.kerzenhaus.de\/hasselt\/wp-json\/wp\/v2\/media?parent=193"}],"wp:term":[{"taxonomy":"category","embeddable":true,"href":"https:\/\/www.kerzenhaus.de\/hasselt\/wp-json\/wp\/v2\/categories?post=193"},{"taxonomy":"post_tag","embeddable":true,"href":"https:\/\/www.kerzenhaus.de\/hasselt\/wp-json\/wp\/v2\/tags?post=193"}],"curies":[{"name":"wp","href":"https:\/\/api.w.org\/{rel}","templated":true}]}}