{"id":126,"date":"2020-01-07T18:30:47","date_gmt":"2020-01-07T17:30:47","guid":{"rendered":"https:\/\/www.kerzenhaeuser.de\/hasselt\/?p=126"},"modified":"2019-11-20T17:00:13","modified_gmt":"2019-11-20T16:00:13","slug":"clutch-bella-und-schmetterlingshaenger-mit-glocke","status":"publish","type":"post","link":"https:\/\/www.kerzenhaus.de\/hasselt\/2020\/01\/07\/clutch-bella-und-schmetterlingshaenger-mit-glocke\/","title":{"rendered":"Clutch \u201eBella\u201c und Schmetterlingsh\u00e4nger  mit Glocke"},"content":{"rendered":"<h3>Clutch \u201eBella\u201c<\/h3>\n<p>grau, mit abnehmbarem Trageriemen: Die Tasche hat ein Innenfach mit Rei\u00dfverschluss und ein Au\u00dfenfach mit Rei\u00dfverschluss. Sie kann mit einem Rei\u00dfverschluss und einem Magneten verschlossen werden. 15\u202224\u20225,5cm (B\u2022H\u2022T), <del>\u20ac139,95<\/del> \u00a0<strong>jetzt \u20ac79,95<\/strong><\/p>\n<h3>Schmetterlingsh\u00e4nger mit Glocke<\/h3>\n<p>vierfarbige florale Muster, 13\u202224\u20222cm (B\u2022H\u2022T), <del>\u20ac9,95<\/del> <strong>jetzt \u20ac5,95<\/strong><\/p>\n<p>* Angebot g\u00fcltig von 08.01. bis 14.01.2020 oder so lange der Vorrat reicht.<\/p>\n","protected":false},"excerpt":{"rendered":"<p>Clutch \u201eBella\u201c grau, mit abnehmbarem Trageriemen: Die Tasche hat ein Innenfach mit Rei\u00dfverschluss und ein Au\u00dfenfach mit Rei\u00dfverschluss. Sie kann mit einem Rei\u00dfverschluss und einem Magneten verschlossen werden. 15\u202224\u20225,5cm (B\u2022H\u2022T), \u20ac139,95 \u00a0jetzt \u20ac79,95 Schmetterlingsh\u00e4nger mit Glocke vierfarbige florale Muster, 13\u202224\u20222cm (B\u2022H\u2022T), \u20ac9,95 jetzt \u20ac5,95 * Angebot g\u00fcltig von 08.01. bis 14.01.2020 oder so lange der [&hellip;]<\/p>\n","protected":false},"author":2,"featured_media":107,"comment_status":"open","ping_status":"open","sticky":false,"template":"","format":"standard","meta":{"footnotes":""},"categories":[19],"tags":[54,47,36,55,22],"class_list":["post-126","post","type-post","status-publish","format-standard","has-post-thumbnail","hentry","category-angebot-der-woche","tag-clutch","tag-girlande","tag-handtasche","tag-schmetterling","tag-tasche"],"_links":{"self":[{"href":"https:\/\/www.kerzenhaus.de\/hasselt\/wp-json\/wp\/v2\/posts\/126","targetHints":{"allow":["GET"]}}],"collection":[{"href":"https:\/\/www.kerzenhaus.de\/hasselt\/wp-json\/wp\/v2\/posts"}],"about":[{"href":"https:\/\/www.kerzenhaus.de\/hasselt\/wp-json\/wp\/v2\/types\/post"}],"author":[{"embeddable":true,"href":"https:\/\/www.kerzenhaus.de\/hasselt\/wp-json\/wp\/v2\/users\/2"}],"replies":[{"embeddable":true,"href":"https:\/\/www.kerzenhaus.de\/hasselt\/wp-json\/wp\/v2\/comments?post=126"}],"version-history":[{"count":1,"href":"https:\/\/www.kerzenhaus.de\/hasselt\/wp-json\/wp\/v2\/posts\/126\/revisions"}],"predecessor-version":[{"id":127,"href":"https:\/\/www.kerzenhaus.de\/hasselt\/wp-json\/wp\/v2\/posts\/126\/revisions\/127"}],"wp:featuredmedia":[{"embeddable":true,"href":"https:\/\/www.kerzenhaus.de\/hasselt\/wp-json\/wp\/v2\/media\/107"}],"wp:attachment":[{"href":"https:\/\/www.kerzenhaus.de\/hasselt\/wp-json\/wp\/v2\/media?parent=126"}],"wp:term":[{"taxonomy":"category","embeddable":true,"href":"https:\/\/www.kerzenhaus.de\/hasselt\/wp-json\/wp\/v2\/categories?post=126"},{"taxonomy":"post_tag","embeddable":true,"href":"https:\/\/www.kerzenhaus.de\/hasselt\/wp-json\/wp\/v2\/tags?post=126"}],"curies":[{"name":"wp","href":"https:\/\/api.w.org\/{rel}","templated":true}]}}